{"id":591,"date":"2017-03-08T10:24:24","date_gmt":"2017-03-08T08:24:24","guid":{"rendered":"http:\/\/lab.wrkshp.fi\/mirva\/?p=591"},"modified":"2026-02-03T10:53:04","modified_gmt":"2026-02-03T08:53:04","slug":"3-teoreettis-filosofinen-viitekehys","status":"publish","type":"post","link":"https:\/\/actascenica.teak.fi\/makinen-mirva\/3-teoreettis-filosofinen-viitekehys\/","title":{"rendered":"<span>3<\/span> Teoreettis-filosofinen viitekehys"},"content":{"rendered":"<p>T&auml;m&auml; teoreettis-filosofinen viitekehys j&auml;sent&auml;&auml; somaesteettisen esityksen ominaisuuksia ja piirteit&auml;.<\/p>\n\n\n\n<p>Tutustuin jo tutkimuksen alussa, lukuvuoden 2010&ndash;2011 aikana, Richard Shustermanin filosofiaan somaestetiikasta ja kehotietoisuudesta sek&auml; John Deweyn ajatteluun pohjautuvaan <em>Taide kokemuksena<\/em> -teokseen. L&ouml;ysin somaestetiikasta sis&auml;ll&ouml;llisi&auml; tavoitteita, luonnehdintoja, m&auml;&auml;ritelmi&auml; ja arvoja, joita olen vuosien varrella havainnut my&ouml;s kontakti-improvisaation parissa. Somaestetiikka korostaa hyvinvointia, v&auml;kivallatonta suhdetta kehoon, ja siin&auml; puhutaan kehollisuuden somaattisesta ymm&auml;rt&auml;misest&auml;. Erityisesti somaestetiikassa usein esiin tuleva <em>tietoinen l&auml;sn&auml;oleminen<\/em> kiinnosti minua, ja se tuntui tutulle asialle kontakti-improvisaatiota tehdess&auml;ni.<\/p>\n\n\n\n<p>John Deweyn pragmatismin ja Richard Shustermanin somaestetiikan (ks. luku <a href=\"..\/3-2-soman-kasite\/\">3.2<\/a>) tavoitteena on uudistaa Alexander Baumgartenin vuonna 1750 esitt&auml;m&auml; ajatus estetiikasta el&auml;m&auml;&auml; parantavana kognitiivisena ideologiana (<a class=\"glossaryLink cmtt_viite\" aria-describedby=\"tt\" data-cmtooltip=\"&lt;div class=glossaryItemBody&gt;Shursterman, Richard. 1997a. &amp;lt;em&amp;gt;Taide, el&auml;m&auml; ja estetiikka.&amp;lt;\/em&amp;gt; Suom. Vesa Mujunen. Helsinki: Gaudeamus.&lt;\/div&gt;\" href=\"https:\/\/actascenica.teak.fi\/makinen-mirva\/lahde\/shusterman-1997\/\" data-mobile-support=\"0\" data-gt-translate-attributes='[{\"attribute\":\"data-cmtooltip\", \"format\":\"html\"}]' tabindex=\"0\" role=\"link\">Shusterman 1997a<\/a>, 177). Shusterman haluaa lopettaa kehon v&auml;h&auml;ttelyn estetiikan diskurssissa ja esitt&auml;&auml; laajennetun, somatiikkaan keskittyv&auml;n kent&auml;n, somaestetiikan, joka mahdollistaa filosofian alkuper&auml;isen roolin &ndash; roolin el&auml;m&auml;n taiteena &ndash; menestyksekk&auml;&auml;mm&auml;n lunastamisena. (<a class=\"glossaryLink cmtt_viite\" aria-describedby=\"tt\" data-cmtooltip=\"&lt;div class=glossaryItemBody&gt;Shusterman, Richard. 1992. &amp;lt;em&amp;gt;Pragmatist aesthetics: living beauty, rethinking art.&amp;lt;\/em&amp;gt;&nbsp;Oxford, Cambridge: Blackwell.&lt;\/div&gt;\" href=\"https:\/\/actascenica.teak.fi\/makinen-mirva\/lahde\/shusterman-1992\/\" data-mobile-support=\"0\" data-gt-translate-attributes='[{\"attribute\":\"data-cmtooltip\", \"format\":\"html\"}]' tabindex=\"0\" role=\"link\">Shusterman 1992<\/a>, 265&ndash;267.)<\/p>\n\n\n\n<p>Shusterman viittaa usein John Deweyn filosofiaan, my&ouml;s kritisoiden sit&auml;. Shustermanin mukaan Dewey yritti m&auml;&auml;ritell&auml; taiteen esteettisen kokemuksen avulla, mik&auml; on Shustermanin mielest&auml; yksinkertaisesti toivoton (<a class=\"glossaryLink cmtt_viite\" aria-describedby=\"tt\" data-cmtooltip=\"&lt;div class=glossaryItemBody&gt;Shusterman, Richard. 1997b. &rdquo;The End of Aesthetic Experience.&rdquo;&nbsp;&amp;lt;em&amp;gt;The Journal of Aesthetics and Art Criticism&amp;lt;\/em&amp;gt;&nbsp;55 81 9: 29&ndash;41.&lt;\/div&gt;\" href=\"https:\/\/actascenica.teak.fi\/makinen-mirva\/lahde\/shusterman-1997b\/\" data-mobile-support=\"0\" data-gt-translate-attributes='[{\"attribute\":\"data-cmtooltip\", \"format\":\"html\"}]' tabindex=\"0\" role=\"link\">Shusterman 1997b<\/a>, 33). Shustermanin kritiikki kohdistuu siihen, ettei esteettisen kokemuksen m&auml;&auml;rittely saisi perustua &rdquo;min&auml;muotoiseen fenomenologiaan&rdquo;, vaan Shusterman per&auml;&auml;nkuuluttaa ei-subjektiivisen k&auml;sityksen merkityksi&auml; (Shusterman 1997b, 35). Dewey luonnehtii eri tavoin esteettiselle kokemukselle ominaisia piirteit&auml; ja korostaa niiden merkityst&auml; muulle kokemukselle, el&auml;m&auml;lle yleens&auml;. Shustermanin kritiikist&auml; huolimatta k&auml;yt&auml;n joitakin Deweyn k&auml;sitteit&auml;, jotka auttoivat minua j&auml;sent&auml;m&auml;&auml;n ja ymm&auml;rt&auml;m&auml;&auml;n tanssijoiden kokemuksia. Deweyn ajattelusta nostan esiin k&auml;sitteet <em>kokemus, tapa, tilanne ja jatkuvuus<\/em>. Deweyn mukaan kokemus ei tarkoita poissulkevasti vain omia yksityisi&auml; tunteitamme ja aistimuksiamme vaan toimeliasta ja tarkkaavaista kanssak&auml;ymist&auml; maailman kanssa; parhaimmillaan se tarkoittaa t&auml;ydellist&auml; min&auml;n, maailman, objektien ja tapahtumien tunkeutumista toinen toisiinsa (<a class=\"glossaryLink cmtt_viite\" aria-describedby=\"tt\" data-cmtooltip=\"&lt;div class=glossaryItemBody&gt;Dewey, John. 2010 (1934). &amp;lt;em&amp;gt;Taide kokemuksena (Art as experience)&amp;lt;\/em&amp;gt;. Suom. Antti Immonen &amp;amp;amp; Jarkko S. Tuusvuori. Tampere: Niin &amp;amp;amp; n&auml;in.&lt;\/div&gt;\" href=\"https:\/\/actascenica.teak.fi\/makinen-mirva\/lahde\/dewey-2010\/\" data-mobile-support=\"0\" data-gt-translate-attributes='[{\"attribute\":\"data-cmtooltip\", \"format\":\"html\"}]' tabindex=\"0\" role=\"link\">Dewey 2010<\/a>, 30).<\/p>\n\n\n\n<p>Filosofi Timo Klemolan ajattelu vastasi tarpeeseeni ymm&auml;rt&auml;&auml; paremmin tanssijoiden somaattisia kokemuksia ja somaattista l&auml;sn&auml;oloa. Somaattisen l&auml;sn&auml;olon yksityiskohtaisemmassa ymm&auml;rt&auml;misess&auml; k&auml;yt&auml;n Klemolan termej&auml; <em>kehon sis&auml;inen avaruus<\/em>, <em>kehon keskilinjan kokemus<\/em> ja <em>v&auml;risev&auml;n l&auml;sn&auml;olon kokemus<\/em>. Klemolan mukaan harjoittamalla tietoista liikett&auml; voimme oppia ymm&auml;rt&auml;m&auml;&auml;n paremmin tietoisuuttamme ja muuttaa ymm&auml;rryst&auml; itsest&auml;mme.<\/p>\n\n\n\n<p>Shustermanin, Deweyn ja Klemolan filosofiat tukevat t&auml;m&auml;n tutkimuksen toteuttamista ja vahvistavat sen k&auml;sitteellist&auml; perustaa. En avaa n&auml;iden filosofien koko tuotantoa, vaan k&auml;yt&auml;n ainoastaan t&auml;m&auml;n tutkimuksen kannalta oleellisia k&auml;sitteit&auml;. John Deweyn kokemuksen k&auml;site kohdentuu lukuun&nbsp;<a href=\"..\/3-1-kokemuksen-elementteja\">3.1<\/a>., Shustermanin ajatuksista kirjoitan enemm&auml;n luvussa <a href=\"..\/3-3-somaestetiikka\">3.3<\/a>. ja Timo Klemolan ajatteluun littyv&auml;t somaattisen pohdinnat tarkentuvat luvussa <a href=\"..\/3-4-somaattinen-lasnaolo\">3.4<\/a>.<\/p>\n","protected":false},"excerpt":{"rendered":"<p>T\u00e4m\u00e4 teoreettis-filosofinen viitekehys j\u00e4sent\u00e4\u00e4 somaesteettisen esityksen ominaisuuksia ja piirteit\u00e4. Tutustuin jo tutkimuksen alussa, lukuvuoden 2010\u20132011 [&hellip;]<\/p>\n","protected":false},"author":3,"featured_media":2660,"comment_status":"closed","ping_status":"closed","sticky":false,"template":"","format":"standard","meta":{"_acf_changed":false,"footnotes":""},"categories":[16],"tags":[],"class_list":["post-591","post","type-post","status-publish","format-standard","has-post-thumbnail","hentry","category-3-luku"],"acf":[],"_links":{"self":[{"href":"https:\/\/actascenica.teak.fi\/makinen-mirva\/wp-json\/wp\/v2\/posts\/591","targetHints":{"allow":["GET"]}}],"collection":[{"href":"https:\/\/actascenica.teak.fi\/makinen-mirva\/wp-json\/wp\/v2\/posts"}],"about":[{"href":"https:\/\/actascenica.teak.fi\/makinen-mirva\/wp-json\/wp\/v2\/types\/post"}],"author":[{"embeddable":true,"href":"https:\/\/actascenica.teak.fi\/makinen-mirva\/wp-json\/wp\/v2\/users\/3"}],"replies":[{"embeddable":true,"href":"https:\/\/actascenica.teak.fi\/makinen-mirva\/wp-json\/wp\/v2\/comments?post=591"}],"version-history":[{"count":47,"href":"https:\/\/actascenica.teak.fi\/makinen-mirva\/wp-json\/wp\/v2\/posts\/591\/revisions"}],"predecessor-version":[{"id":3360,"href":"https:\/\/actascenica.teak.fi\/makinen-mirva\/wp-json\/wp\/v2\/posts\/591\/revisions\/3360"}],"wp:featuredmedia":[{"embeddable":true,"href":"https:\/\/actascenica.teak.fi\/makinen-mirva\/wp-json\/wp\/v2\/media\/2660"}],"wp:attachment":[{"href":"https:\/\/actascenica.teak.fi\/makinen-mirva\/wp-json\/wp\/v2\/media?parent=591"}],"wp:term":[{"taxonomy":"category","embeddable":true,"href":"https:\/\/actascenica.teak.fi\/makinen-mirva\/wp-json\/wp\/v2\/categories?post=591"},{"taxonomy":"post_tag","embeddable":true,"href":"https:\/\/actascenica.teak.fi\/makinen-mirva\/wp-json\/wp\/v2\/tags?post=591"}],"curies":[{"name":"wp","href":"https:\/\/api.w.org\/{rel}","templated":true}]}}